{"id":165,"date":"2021-11-22T14:18:24","date_gmt":"2021-11-22T11:18:24","guid":{"rendered":"https:\/\/www.doktorkbb.com\/de\/?p=165"},"modified":"2025-09-08T10:30:37","modified_gmt":"2025-09-08T07:30:37","slug":"allergische-rhinitis-und-herbst","status":"publish","type":"post","link":"https:\/\/www.doktorkbb.com\/de\/allergische-rhinitis-und-herbst\/","title":{"rendered":"Allergische Rhinitis und Herbst"},"content":{"rendered":"<p><a href=\"https:\/\/www.doktorkbb.com\/de\/allergische-rhinitis-und-herbst\/\"><strong>Allergische Rhinitis und Herbst<\/strong><\/a>; Mit der Ankunft des Herbsts werden die Beschwerden von Patienten mit allergischer Rhinitis zunehmen. Obwohl die Menge an Pollen am Ende Juni abnimmt, endet sie nicht vollst\u00e4ndig und erzeugt weiterhin Beschwerden.<\/p>\n<p>Ab Ende August treten Kr\u00e4uterpollen auf und dauern bis Mitte November. In Erw\u00e4gung, dass Kr\u00e4uter-Pollenallergien h\u00e4ufig in der Gesellschaft auftreten, wird der Herbst f\u00fcr Patienten mit allergischer Rhinitis nicht leicht sein.<\/p>\n<h2>Also, worauf m\u00fcssen wir achten, um uns zu sch\u00fctzen und mit weniger Beschwerden zu leben?<\/h2>\n<p>Der Patient\/die Patientin sollte ab Ende August beginnen, vorsichtig zu sein (Schutz vor Pollen). Die Fenster der Schlafzimmer sollten nicht morgens ge\u00f6ffnet werden, da die Stunden, in denen Pollen am meisten fliegen, morgens sind.<\/p>\n<p>Die Kr\u00e4uterpollen, die reinkommen, k\u00f6nnen die ganze Nacht Beschwerden verursachen. Der Patient\/die Patienten sollte Nasenspray anwenden, bevor er\/sie das Haus verl\u00e4sst und vermeiden, Zeit drau\u00dfen zu verbringen, besonders an windigen Tagen.<\/p>\n<p>Die Gr\u00fcnfl\u00e4chen am Wochenende werden die Beschwerden wieder erh\u00f6hen. Es ist nicht richtig, in der N\u00e4he des frisch gem\u00e4hten Rasens zu sein, Zeit auf dem Rasen zu verbringen. Weil Baumpollen in W\u00e4lder und Waldgebieten dicht sind, werden diese Regionen genauso Beschwerden verursachen wegen der hohen Kreuzreaktion zwischen Pollen.<\/p>\n<p>Es ist zu vermeiden, um Zeit in solchen Bereichen soweit wie m\u00f6glich zu verbringen. Wenn die Person irgendwie Pollen ausgesetzt ist, sollte sie nicht mit ihren Klamotten ins Schlafzimmer gehen, wenn sie nach Hause kommt, die Klamotten sollten am Eingang ins Haus ausgezogen und gesch\u00fcttelt werden, damit die Pollenbelastung darauf beseitigt werden kann.<\/p>\n<p>Danach, falls die Umgebung und die Bedingungen geeignet sind, ist Dusche empfohlen, falls es nicht m\u00f6glich ist, zu duschen, sollten die Haare sollen einem nassen Kamm gek\u00e4mmt werden und mit reichlichem Wasser im Waschbecken reinigt werden. Auf diese Weise wird die Pollenbelastung auf dem K\u00f6rper beseitigt.<\/p>\n<p>Ein weiteres Thema, auf das Patienten mit allergischer Rhinitis im Herbst achten sollten, sind Insekten und Bienenstiche. Allergische Patienten k\u00f6nnen stark von Insektenstichen und Bienenstichen betroffen sein, sogar Noteingriff kann notwendig sein.<\/p>\n<p>In dieser Hinsicht, ist der Schutz wichtig. Deswegen sollten helle Kleidungen bevorzugt werden, Essen und Getr\u00e4nke sollten nicht im Ferien liegen gelassen werden, und trotz allem, wenn Insekten oder Bienen stechen, dann ist es unter Griff zu bekommen und bei Bedarf in eine Gesundheitseinrichtung zu gehen.<\/p>\n<p>Schlie\u00dflich sollten Patienten mit allergischer Rhinitis ihre Medikamente bei sich behalten und bei Bedarf einnehmen.<\/p>\n","protected":false},"excerpt":{"rendered":"<p>Allergische Rhinitis und Herbst; Mit der Ankunft des Herbsts werden die Beschwerden von Patienten mit allergischer Rhinitis zunehmen. Obwohl die Menge an Pollen am Ende Juni abnimmt, endet sie nicht vollst\u00e4ndig und erzeugt weiterhin Beschwerden. Ab Ende August treten Kr\u00e4uterpollen auf und dauern bis Mitte November. In Erw\u00e4gung, dass Kr\u00e4uter-Pollenallergien h\u00e4ufig in der Gesellschaft auftreten, [&hellip;]<\/p>\n","protected":false},"author":2,"featured_media":166,"comment_status":"open","ping_status":"open","sticky":false,"template":"","format":"standard","meta":{"footnotes":""},"categories":[8,7,15],"tags":[],"class_list":["post-165","post","type-post","status-publish","format-standard","has-post-thumbnail","hentry","category-aktuelle-informationen","category-allergische-rhinitis","category-behandlungen"],"_links":{"self":[{"href":"https:\/\/www.doktorkbb.com\/de\/wp-json\/wp\/v2\/posts\/165","targetHints":{"allow":["GET"]}}],"collection":[{"href":"https:\/\/www.doktorkbb.com\/de\/wp-json\/wp\/v2\/posts"}],"about":[{"href":"https:\/\/www.doktorkbb.com\/de\/wp-json\/wp\/v2\/types\/post"}],"author":[{"embeddable":true,"href":"https:\/\/www.doktorkbb.com\/de\/wp-json\/wp\/v2\/users\/2"}],"replies":[{"embeddable":true,"href":"https:\/\/www.doktorkbb.com\/de\/wp-json\/wp\/v2\/comments?post=165"}],"version-history":[{"count":1,"href":"https:\/\/www.doktorkbb.com\/de\/wp-json\/wp\/v2\/posts\/165\/revisions"}],"predecessor-version":[{"id":463,"href":"https:\/\/www.doktorkbb.com\/de\/wp-json\/wp\/v2\/posts\/165\/revisions\/463"}],"wp:featuredmedia":[{"embeddable":true,"href":"https:\/\/www.doktorkbb.com\/de\/wp-json\/wp\/v2\/media\/166"}],"wp:attachment":[{"href":"https:\/\/www.doktorkbb.com\/de\/wp-json\/wp\/v2\/media?parent=165"}],"wp:term":[{"taxonomy":"category","embeddable":true,"href":"https:\/\/www.doktorkbb.com\/de\/wp-json\/wp\/v2\/categories?post=165"},{"taxonomy":"post_tag","embeddable":true,"href":"https:\/\/www.doktorkbb.com\/de\/wp-json\/wp\/v2\/tags?post=165"}],"curies":[{"name":"wp","href":"https:\/\/api.w.org\/{rel}","templated":true}]}}